{"id":12556,"date":"2019-01-24T16:07:27","date_gmt":"2019-01-24T21:07:27","guid":{"rendered":"https:\/\/cliniquepraxis.ca\/micropigmentation-capillaire\/"},"modified":"2025-05-27T09:43:01","modified_gmt":"2025-05-27T13:43:01","slug":"scalp-micropigmentation","status":"publish","type":"post","link":"https:\/\/cliniquepraxis.ca\/en\/scalp-micropigmentation\/","title":{"rendered":"Do you know about scalp micropigmentation?"},"content":{"rendered":"<p>We are pleased to announce that our team is growing again with the arrival of Mrs. <strong>Precilla Angenot<\/strong> as a <strong>Micropigmentation Specialist<\/strong>.<\/p>\n<p>Precilla Angenot has 15 years of experience in the field of <strong>aesthetics and semi-permanent makeup<\/strong>. She also holds certification in <strong>Scalp Micropigmentation<\/strong>. Today, she joins the PRAXIS team.<\/p>\n<h2>Making a difference in people\u2019s lives is the best job in the world<img fetchpriority=\"high\" decoding=\"async\" src=\"https:\/\/cliniquepraxis.ca\/wp-content\/uploads\/2019\/01\/precilla-micropigmentation.jpg\" alt=\"\" width=\"300\" height=\"300\" \/><\/h2>\n<p>For 15 years, I have been helping people to <strong>feel better<\/strong> in their bodies, regain confidence, or simply find their smile again. Come meet me for a private consultation at Praxis and discover the different possibilities to help you <strong>enhance your look<\/strong>.<\/p>\n<h2>Do you know about scalp micropigmentation?<\/h2>\n<p>Scalp micropigmentation or dermopigmentation can be compared to the <strong>application of a tattoo<\/strong> on the scalp. This non-surgical treatment is ideal to <strong>effectively mask early-stage alopecia<\/strong>, even baldness, and to <strong>camouflage scars<\/strong>. It restores a <strong>density effect<\/strong>, hides a scar, or repairs a failed hair transplant. Its effect is permanent, immediate, <strong>with no contraindications or side effects<\/strong>. The result is very natural and realistic. Moreover, this solution is less expensive than hair transplantation. Effective and innovative, scalp micropigmentation is gaining more and more followers and is suitable for both men and women.<\/p>\n<h2>The scalp micropigmentation treatment<\/h2>\n<p>This involves injecting specific organic pigments at a precise depth in the dermis to mimic hair or beard regrowth. This technique perfectly camouflages all thinning areas and\/or alopecia patches and creates a density effect.<\/p>\n<p>Using a needle, the practitioner introduces bioresorbable micropigments characterized by <strong>small colored dots<\/strong> into the dermis of the area, filling spaces where there are no hairs or follicles. The dermograph is the device used to inject the pigments. To achieve the correct depth with each application, the needle penetrates about 1 mm under the skin, imprinting an insoluble pigment visible through the epidermis. To reach an optimal level, pressure, speed, frequency, needle penetration (diameter), equipment (dermograph), pigments, and colors are all essential factors to consider.<\/p>\n<h2>Reasons for consultation<\/h2>\n<p>Scalp micropigmentation is considered in many cases. Here are some examples of its uses:<\/p>\n<ul>\n<li>To give a denser appearance to the entire hair, especially if the hair tends to be sparse on the scalp<\/li>\n<li>To thicken beards that are uneven or patchy in places<\/li>\n<li>To reshape the frontal hairline and parts of the scalp where baldness signs are most visible<\/li>\n<li>To hide a scar, following surgery or a hair transplant<\/li>\n<li>To recreate an eyebrow line, following illness or even chemotherapy treatment<\/li>\n<\/ul>\n<p>Whether to achieve a shaved look, greater hair or beard density, conceal a scar, or reshape a line, scalp micropigmentation may suit you. <a href=\"https:\/\/cliniquepraxis.ca\/nous-joindre\/\">Contact our professional now<\/a>!<\/p>\n<h2>Here are some examples<\/h2>\n<p><img decoding=\"async\" src=\"https:\/\/cliniquepraxis.ca\/wp-content\/uploads\/2019\/01\/MicropigmentationCapillaire_Densite.jpg\" alt=\"MicropigmentationCapillaire_Densite\" width=\"1024\" height=\"500\" \/><\/p>\n<p><img decoding=\"async\" src=\"https:\/\/cliniquepraxis.ca\/wp-content\/uploads\/2019\/01\/MicropigmentationCapillaire_EffetRase.jpg\" alt=\"MicropigmentationCapillaire_EffetRase\" width=\"1024\" height=\"500\" \/><\/p>\n<p><img loading=\"lazy\" decoding=\"async\" src=\"https:\/\/cliniquepraxis.ca\/wp-content\/uploads\/2019\/01\/MicropigmentationCapillaire_Cicatrice-1024x500.jpg\" alt=\"MicropigmentationCapillaire_Cicatrice\" width=\"1024\" height=\"500\" \/><\/p>\n<p><img loading=\"lazy\" decoding=\"async\" src=\"https:\/\/cliniquepraxis.ca\/wp-content\/uploads\/2019\/01\/MicropigmentationCapillaire_Barbe.jpg\" alt=\"MicropigmentationCapillaire_Barbe\" width=\"1024\" height=\"500\" \/><\/p>\n","protected":false},"excerpt":{"rendered":"<p>We are pleased to announce that our team is growing again with the arrival of Mrs. Precilla Angenot as a Micropigmentation Specialist. [&hellip;]<\/p>\n","protected":false},"author":7,"featured_media":4202,"comment_status":"closed","ping_status":"closed","sticky":false,"template":"","format":"standard","meta":{"_eb_attr":"","footnotes":""},"categories":[44],"tags":[],"class_list":["post-12556","post","type-post","status-publish","format-standard","has-post-thumbnail","hentry","category-care-en"],"yoast_head":"<!-- This site is optimized with the Yoast SEO plugin v27.4 - https:\/\/yoast.com\/product\/yoast-seo-wordpress\/ -->\n<title>Do you know about scalp micropigmentation? | Praxis<\/title>\n<meta name=\"robots\" content=\"index, follow, max-snippet:-1, max-image-preview:large, max-video-preview:-1\" \/>\n<link rel=\"canonical\" href=\"https:\/\/cliniquepraxis.ca\/en\/scalp-micropigmentation\/\" \/>\n<meta property=\"og:locale\" content=\"en_US\" \/>\n<meta property=\"og:type\" content=\"article\" \/>\n<meta property=\"og:title\" content=\"Do you know about scalp micropigmentation? | Praxis\" \/>\n<meta property=\"og:description\" content=\"We are pleased to announce that our team is growing again with the arrival of Mrs. Precilla Angenot as a Micropigmentation Specialist. [&hellip;]\" \/>\n<meta property=\"og:url\" content=\"https:\/\/cliniquepraxis.ca\/en\/scalp-micropigmentation\/\" \/>\n<meta property=\"og:site_name\" content=\"Praxis\" \/>\n<meta property=\"article:publisher\" content=\"https:\/\/www.facebook.com\/praxis.clinique\/\" \/>\n<meta property=\"article:published_time\" content=\"2019-01-24T21:07:27+00:00\" \/>\n<meta property=\"article:modified_time\" content=\"2025-05-27T13:43:01+00:00\" \/>\n<meta property=\"og:image\" content=\"https:\/\/cliniquepraxis.ca\/wp-content\/uploads\/2024\/09\/iStock-1484178090.jpg\" \/>\n\t<meta property=\"og:image:width\" content=\"2120\" \/>\n\t<meta property=\"og:image:height\" content=\"1414\" \/>\n\t<meta property=\"og:image:type\" content=\"image\/jpeg\" \/>\n<meta name=\"author\" content=\"Arthur\" \/>\n<meta name=\"twitter:card\" content=\"summary_large_image\" \/>\n<meta name=\"twitter:label1\" content=\"Written by\" \/>\n\t<meta name=\"twitter:data1\" content=\"Arthur\" \/>\n\t<meta name=\"twitter:label2\" content=\"Est. reading time\" \/>\n\t<meta name=\"twitter:data2\" content=\"3 minutes\" \/>\n<!-- \/ Yoast SEO plugin. -->","yoast_head_json":{"title":"Do you know about scalp micropigmentation? | Praxis","robots":{"index":"index","follow":"follow","max-snippet":"max-snippet:-1","max-image-preview":"max-image-preview:large","max-video-preview":"max-video-preview:-1"},"canonical":"https:\/\/cliniquepraxis.ca\/en\/scalp-micropigmentation\/","og_locale":"en_US","og_type":"article","og_title":"Do you know about scalp micropigmentation? | Praxis","og_description":"We are pleased to announce that our team is growing again with the arrival of Mrs. Precilla Angenot as a Micropigmentation Specialist. [&hellip;]","og_url":"https:\/\/cliniquepraxis.ca\/en\/scalp-micropigmentation\/","og_site_name":"Praxis","article_publisher":"https:\/\/www.facebook.com\/praxis.clinique\/","article_published_time":"2019-01-24T21:07:27+00:00","article_modified_time":"2025-05-27T13:43:01+00:00","og_image":[{"width":2120,"height":1414,"url":"https:\/\/cliniquepraxis.ca\/wp-content\/uploads\/2024\/09\/iStock-1484178090.jpg","type":"image\/jpeg"}],"author":"Arthur","twitter_card":"summary_large_image","twitter_misc":{"Written by":"Arthur","Est. reading time":"3 minutes"},"schema":{"@context":"https:\/\/schema.org","@graph":[{"@type":"Article","@id":"https:\/\/cliniquepraxis.ca\/en\/scalp-micropigmentation\/#article","isPartOf":{"@id":"https:\/\/cliniquepraxis.ca\/en\/scalp-micropigmentation\/"},"author":{"name":"Arthur","@id":"https:\/\/cliniquepraxis.ca\/en\/#\/schema\/person\/94082093f0e31378eef528024e77a09e"},"headline":"Do you know about scalp micropigmentation?","datePublished":"2019-01-24T21:07:27+00:00","dateModified":"2025-05-27T13:43:01+00:00","mainEntityOfPage":{"@id":"https:\/\/cliniquepraxis.ca\/en\/scalp-micropigmentation\/"},"wordCount":446,"publisher":{"@id":"https:\/\/cliniquepraxis.ca\/en\/#organization"},"image":{"@id":"https:\/\/cliniquepraxis.ca\/en\/scalp-micropigmentation\/#primaryimage"},"thumbnailUrl":"https:\/\/cliniquepraxis.ca\/wp-content\/uploads\/2024\/09\/iStock-1484178090.jpg","articleSection":["Care &amp; Services"],"inLanguage":"en-US"},{"@type":"WebPage","@id":"https:\/\/cliniquepraxis.ca\/en\/scalp-micropigmentation\/","url":"https:\/\/cliniquepraxis.ca\/en\/scalp-micropigmentation\/","name":"Do you know about scalp micropigmentation? | Praxis","isPartOf":{"@id":"https:\/\/cliniquepraxis.ca\/en\/#website"},"primaryImageOfPage":{"@id":"https:\/\/cliniquepraxis.ca\/en\/scalp-micropigmentation\/#primaryimage"},"image":{"@id":"https:\/\/cliniquepraxis.ca\/en\/scalp-micropigmentation\/#primaryimage"},"thumbnailUrl":"https:\/\/cliniquepraxis.ca\/wp-content\/uploads\/2024\/09\/iStock-1484178090.jpg","datePublished":"2019-01-24T21:07:27+00:00","dateModified":"2025-05-27T13:43:01+00:00","breadcrumb":{"@id":"https:\/\/cliniquepraxis.ca\/en\/scalp-micropigmentation\/#breadcrumb"},"inLanguage":"en-US","potentialAction":[{"@type":"ReadAction","target":["https:\/\/cliniquepraxis.ca\/en\/scalp-micropigmentation\/"]}]},{"@type":"ImageObject","inLanguage":"en-US","@id":"https:\/\/cliniquepraxis.ca\/en\/scalp-micropigmentation\/#primaryimage","url":"https:\/\/cliniquepraxis.ca\/wp-content\/uploads\/2024\/09\/iStock-1484178090.jpg","contentUrl":"https:\/\/cliniquepraxis.ca\/wp-content\/uploads\/2024\/09\/iStock-1484178090.jpg","width":2120,"height":1414,"caption":"Hands, psychology and patient with anxiety in a session for help or mental health counseling. Healthcare, psychiatry and closeup of a woman with depression, trauma or stress speaking to psychologist."},{"@type":"BreadcrumbList","@id":"https:\/\/cliniquepraxis.ca\/en\/scalp-micropigmentation\/#breadcrumb","itemListElement":[{"@type":"ListItem","position":1,"name":"Accueil","item":"https:\/\/cliniquepraxis.ca\/en\/"},{"@type":"ListItem","position":2,"name":"Do you know about scalp micropigmentation?"}]},{"@type":"WebSite","@id":"https:\/\/cliniquepraxis.ca\/en\/#website","url":"https:\/\/cliniquepraxis.ca\/en\/","name":"Clinique priv\u00e9e PRAXIS","description":"Clinique de sant\u00e9 familiale priv\u00e9e","publisher":{"@id":"https:\/\/cliniquepraxis.ca\/en\/#organization"},"potentialAction":[{"@type":"SearchAction","target":{"@type":"EntryPoint","urlTemplate":"https:\/\/cliniquepraxis.ca\/en\/?s={search_term_string}"},"query-input":{"@type":"PropertyValueSpecification","valueRequired":true,"valueName":"search_term_string"}}],"inLanguage":"en-US"},{"@type":"Organization","@id":"https:\/\/cliniquepraxis.ca\/en\/#organization","name":"Clinique priv\u00e9e PRAXIS","url":"https:\/\/cliniquepraxis.ca\/en\/","logo":{"@type":"ImageObject","inLanguage":"en-US","@id":"https:\/\/cliniquepraxis.ca\/en\/#\/schema\/logo\/image\/","url":"https:\/\/cliniquepraxis.ca\/wp-content\/uploads\/2024\/11\/Icon_Clinique_2-png.avif","contentUrl":"https:\/\/cliniquepraxis.ca\/wp-content\/uploads\/2024\/11\/Icon_Clinique_2-png.avif","width":1080,"height":1080,"caption":"Clinique priv\u00e9e PRAXIS"},"image":{"@id":"https:\/\/cliniquepraxis.ca\/en\/#\/schema\/logo\/image\/"},"sameAs":["https:\/\/www.facebook.com\/praxis.clinique\/","https:\/\/www.instagram.com\/praxis_clinique\/","https:\/\/www.linkedin.com\/company\/praxis-cliniquedesantefamiliale\/"]},{"@type":"Person","@id":"https:\/\/cliniquepraxis.ca\/en\/#\/schema\/person\/94082093f0e31378eef528024e77a09e","name":"Arthur","url":"https:\/\/cliniquepraxis.ca\/en\/author\/arthur\/"}]}},"_links":{"self":[{"href":"https:\/\/cliniquepraxis.ca\/en\/wp-json\/wp\/v2\/posts\/12556","targetHints":{"allow":["GET"]}}],"collection":[{"href":"https:\/\/cliniquepraxis.ca\/en\/wp-json\/wp\/v2\/posts"}],"about":[{"href":"https:\/\/cliniquepraxis.ca\/en\/wp-json\/wp\/v2\/types\/post"}],"author":[{"embeddable":true,"href":"https:\/\/cliniquepraxis.ca\/en\/wp-json\/wp\/v2\/users\/7"}],"replies":[{"embeddable":true,"href":"https:\/\/cliniquepraxis.ca\/en\/wp-json\/wp\/v2\/comments?post=12556"}],"version-history":[{"count":0,"href":"https:\/\/cliniquepraxis.ca\/en\/wp-json\/wp\/v2\/posts\/12556\/revisions"}],"wp:featuredmedia":[{"embeddable":true,"href":"https:\/\/cliniquepraxis.ca\/en\/wp-json\/wp\/v2\/media\/4202"}],"wp:attachment":[{"href":"https:\/\/cliniquepraxis.ca\/en\/wp-json\/wp\/v2\/media?parent=12556"}],"wp:term":[{"taxonomy":"category","embeddable":true,"href":"https:\/\/cliniquepraxis.ca\/en\/wp-json\/wp\/v2\/categories?post=12556"},{"taxonomy":"post_tag","embeddable":true,"href":"https:\/\/cliniquepraxis.ca\/en\/wp-json\/wp\/v2\/tags?post=12556"}],"curies":[{"name":"wp","href":"https:\/\/api.w.org\/{rel}","templated":true}]}}