{"id":12673,"date":"2017-11-16T19:19:50","date_gmt":"2017-11-17T00:19:50","guid":{"rendered":"https:\/\/cliniquepraxis.ca\/lapnee-du-sommeil\/"},"modified":"2025-05-27T10:34:44","modified_gmt":"2025-05-27T14:34:44","slug":"sleep-apnea-blog","status":"publish","type":"post","link":"https:\/\/cliniquepraxis.ca\/en\/sleep-apnea-blog\/","title":{"rendered":"Sleep Apnea: Am I at Risk?"},"content":{"rendered":"<p style=\"text-align: justify;\">It is estimated that <strong>15 to 20%<\/strong> of the population suffers from undiagnosed <strong>obstructive sleep apnea<\/strong> (OSA).<\/p>\n<p style=\"text-align: justify;\">According to recent studies, we are all at risk of developing obstructive sleep apnea (OSA), regardless of our age, gender, height, weight, or nationality.<\/p>\n<p style=\"text-align: justify;\">Some individuals are more at risk, such as those who are overweight, have a retruded lower jaw (mandibular retrognathia), or have a family history of the condition.<\/p>\n<p style=\"text-align: justify;\">When we suffer from sleep apnea, it affects not only our own lives but also those around us. Whether it\u2019s the constant fatigue or the need to always stay active, sleep apnea has a wide range of symptoms. These symptoms may resemble those of depression or attention deficit disorders.<\/p>\n<p><img fetchpriority=\"high\" decoding=\"async\" src=\"https:\/\/cliniquepraxis.ca\/wp-content\/uploads\/2017\/11\/ApneeSommeil.png\" alt=\"\" width=\"500\" height=\"300\" \/><\/p>\n<h2>Aggravating Factors<\/h2>\n<p>We identify three main factors that increase the risk of sleep apnea:<\/p>\n<ul>\n<li>Excess weight<\/li>\n<li>Heredity<\/li>\n<li>Airway morphology<\/li>\n<\/ul>\n<h2>Disruptive Consequences<\/h2>\n<p style=\"text-align: justify;\">High blood pressure, type II diabetes, heart attack, and stroke are all potential consequences of obstructive sleep apnea.<\/p>\n<p style=\"text-align: justify;\">To confirm or rule out the condition, a sleep study is needed. This test records your sleep and allows us to assess various data in order to determine the presence of obstructive sleep apnea (OSA).<\/p>\n<h2>Symptoms of Obstructive Sleep Apnea<\/h2>\n<p>If you experience three or more of the following symptoms, you may be at risk of obstructive sleep apnea.<\/p>\n<p><strong>At night:<\/strong><\/p>\n<ul>\n<li>Snoring<\/li>\n<li>Breathing pauses<\/li>\n<li>Frequent urination<\/li>\n<li>Frequent movements<\/li>\n<li>Frequent awakenings<\/li>\n<li>Night sweats<\/li>\n<\/ul>\n<p><strong>During the day:<\/strong><\/p>\n<ul>\n<li>Excessive morning fatigue<\/li>\n<li>Daytime fatigue<\/li>\n<li>Dry mouth upon waking<\/li>\n<li>Headaches<\/li>\n<li>Unrefreshing sleep<\/li>\n<li>Memory and\/or concentration issues<\/li>\n<li>Irritability<\/li>\n<li>Exhaustion<\/li>\n<li>Drowsiness<\/li>\n<li>Feeling down<\/li>\n<\/ul>\n<h2>The Epworth Sleepiness Scale<\/h2>\n<p>This questionnaire is a tool used to assess the risk of falling asleep or experiencing drowsiness. It is used during the screening process.<\/p>\n<p><strong>What is the likelihood of dozing off or falling asleep in the following situations?<\/strong><br \/>This refers to your recent daily life habits.<\/p>\n<p><img decoding=\"async\" src=\"&quot;http:\/\/cliniquepr&lt;\/p\" \/><\/p>\n","protected":false},"excerpt":{"rendered":"<p>It is estimated that 15 to 20% of the population suffers from undiagnosed obstructive sleep apnea (OSA). According to recent studies, we [&hellip;]<\/p>\n","protected":false},"author":7,"featured_media":9037,"comment_status":"closed","ping_status":"closed","sticky":false,"template":"","format":"standard","meta":{"_eb_attr":"","footnotes":""},"categories":[43],"tags":[],"class_list":["post-12673","post","type-post","status-publish","format-standard","has-post-thumbnail","hentry","category-health-advice-en"],"yoast_head":"<!-- This site is optimized with the Yoast SEO plugin v27.4 - https:\/\/yoast.com\/product\/yoast-seo-wordpress\/ -->\n<title>Sleep Apnea: Am I at Risk? | Praxis<\/title>\n<meta name=\"robots\" content=\"index, follow, max-snippet:-1, max-image-preview:large, max-video-preview:-1\" \/>\n<link rel=\"canonical\" href=\"https:\/\/cliniquepraxis.ca\/en\/sleep-apnea-blog\/\" \/>\n<meta property=\"og:locale\" content=\"en_US\" \/>\n<meta property=\"og:type\" content=\"article\" \/>\n<meta property=\"og:title\" content=\"Sleep Apnea: Am I at Risk? | Praxis\" \/>\n<meta property=\"og:description\" content=\"It is estimated that 15 to 20% of the population suffers from undiagnosed obstructive sleep apnea (OSA). According to recent studies, we [&hellip;]\" \/>\n<meta property=\"og:url\" content=\"https:\/\/cliniquepraxis.ca\/en\/sleep-apnea-blog\/\" \/>\n<meta property=\"og:site_name\" content=\"Praxis\" \/>\n<meta property=\"article:publisher\" content=\"https:\/\/www.facebook.com\/praxis.clinique\/\" \/>\n<meta property=\"article:published_time\" content=\"2017-11-17T00:19:50+00:00\" \/>\n<meta property=\"article:modified_time\" content=\"2025-05-27T14:34:44+00:00\" \/>\n<meta property=\"og:image\" content=\"https:\/\/cliniquepraxis.ca\/wp-content\/uploads\/2024\/12\/P1011346-scaled.avif\" \/>\n\t<meta property=\"og:image:width\" content=\"2560\" \/>\n\t<meta property=\"og:image:height\" content=\"1051\" \/>\n\t<meta property=\"og:image:type\" content=\"image\/jpeg\" \/>\n<meta name=\"author\" content=\"Arthur\" \/>\n<meta name=\"twitter:card\" content=\"summary_large_image\" \/>\n<meta name=\"twitter:label1\" content=\"Written by\" \/>\n\t<meta name=\"twitter:data1\" content=\"Arthur\" \/>\n\t<meta name=\"twitter:label2\" content=\"Est. reading time\" \/>\n\t<meta name=\"twitter:data2\" content=\"2 minutes\" \/>\n<!-- \/ Yoast SEO plugin. -->","yoast_head_json":{"title":"Sleep Apnea: Am I at Risk? | Praxis","robots":{"index":"index","follow":"follow","max-snippet":"max-snippet:-1","max-image-preview":"max-image-preview:large","max-video-preview":"max-video-preview:-1"},"canonical":"https:\/\/cliniquepraxis.ca\/en\/sleep-apnea-blog\/","og_locale":"en_US","og_type":"article","og_title":"Sleep Apnea: Am I at Risk? | Praxis","og_description":"It is estimated that 15 to 20% of the population suffers from undiagnosed obstructive sleep apnea (OSA). According to recent studies, we [&hellip;]","og_url":"https:\/\/cliniquepraxis.ca\/en\/sleep-apnea-blog\/","og_site_name":"Praxis","article_publisher":"https:\/\/www.facebook.com\/praxis.clinique\/","article_published_time":"2017-11-17T00:19:50+00:00","article_modified_time":"2025-05-27T14:34:44+00:00","og_image":[{"width":2560,"height":1051,"url":"https:\/\/cliniquepraxis.ca\/wp-content\/uploads\/2024\/12\/P1011346-scaled.avif","type":"image\/jpeg"}],"author":"Arthur","twitter_card":"summary_large_image","twitter_misc":{"Written by":"Arthur","Est. reading time":"2 minutes"},"schema":{"@context":"https:\/\/schema.org","@graph":[{"@type":"Article","@id":"https:\/\/cliniquepraxis.ca\/en\/sleep-apnea-blog\/#article","isPartOf":{"@id":"https:\/\/cliniquepraxis.ca\/en\/sleep-apnea-blog\/"},"author":{"name":"Arthur","@id":"https:\/\/cliniquepraxis.ca\/en\/#\/schema\/person\/94082093f0e31378eef528024e77a09e"},"headline":"Sleep Apnea: Am I at Risk?","datePublished":"2017-11-17T00:19:50+00:00","dateModified":"2025-05-27T14:34:44+00:00","mainEntityOfPage":{"@id":"https:\/\/cliniquepraxis.ca\/en\/sleep-apnea-blog\/"},"wordCount":307,"publisher":{"@id":"https:\/\/cliniquepraxis.ca\/en\/#organization"},"image":{"@id":"https:\/\/cliniquepraxis.ca\/en\/sleep-apnea-blog\/#primaryimage"},"thumbnailUrl":"https:\/\/cliniquepraxis.ca\/wp-content\/uploads\/2024\/12\/P1011346-scaled.avif","articleSection":["Health advice"],"inLanguage":"en-US"},{"@type":"WebPage","@id":"https:\/\/cliniquepraxis.ca\/en\/sleep-apnea-blog\/","url":"https:\/\/cliniquepraxis.ca\/en\/sleep-apnea-blog\/","name":"Sleep Apnea: Am I at Risk? | Praxis","isPartOf":{"@id":"https:\/\/cliniquepraxis.ca\/en\/#website"},"primaryImageOfPage":{"@id":"https:\/\/cliniquepraxis.ca\/en\/sleep-apnea-blog\/#primaryimage"},"image":{"@id":"https:\/\/cliniquepraxis.ca\/en\/sleep-apnea-blog\/#primaryimage"},"thumbnailUrl":"https:\/\/cliniquepraxis.ca\/wp-content\/uploads\/2024\/12\/P1011346-scaled.avif","datePublished":"2017-11-17T00:19:50+00:00","dateModified":"2025-05-27T14:34:44+00:00","breadcrumb":{"@id":"https:\/\/cliniquepraxis.ca\/en\/sleep-apnea-blog\/#breadcrumb"},"inLanguage":"en-US","potentialAction":[{"@type":"ReadAction","target":["https:\/\/cliniquepraxis.ca\/en\/sleep-apnea-blog\/"]}]},{"@type":"ImageObject","inLanguage":"en-US","@id":"https:\/\/cliniquepraxis.ca\/en\/sleep-apnea-blog\/#primaryimage","url":"https:\/\/cliniquepraxis.ca\/wp-content\/uploads\/2024\/12\/P1011346-scaled.avif","contentUrl":"https:\/\/cliniquepraxis.ca\/wp-content\/uploads\/2024\/12\/P1011346-scaled.avif","width":2560,"height":1051},{"@type":"BreadcrumbList","@id":"https:\/\/cliniquepraxis.ca\/en\/sleep-apnea-blog\/#breadcrumb","itemListElement":[{"@type":"ListItem","position":1,"name":"Accueil","item":"https:\/\/cliniquepraxis.ca\/en\/"},{"@type":"ListItem","position":2,"name":"Sleep Apnea: Am I at Risk?"}]},{"@type":"WebSite","@id":"https:\/\/cliniquepraxis.ca\/en\/#website","url":"https:\/\/cliniquepraxis.ca\/en\/","name":"Clinique priv\u00e9e PRAXIS","description":"Clinique de sant\u00e9 familiale priv\u00e9e","publisher":{"@id":"https:\/\/cliniquepraxis.ca\/en\/#organization"},"potentialAction":[{"@type":"SearchAction","target":{"@type":"EntryPoint","urlTemplate":"https:\/\/cliniquepraxis.ca\/en\/?s={search_term_string}"},"query-input":{"@type":"PropertyValueSpecification","valueRequired":true,"valueName":"search_term_string"}}],"inLanguage":"en-US"},{"@type":"Organization","@id":"https:\/\/cliniquepraxis.ca\/en\/#organization","name":"Clinique priv\u00e9e PRAXIS","url":"https:\/\/cliniquepraxis.ca\/en\/","logo":{"@type":"ImageObject","inLanguage":"en-US","@id":"https:\/\/cliniquepraxis.ca\/en\/#\/schema\/logo\/image\/","url":"https:\/\/cliniquepraxis.ca\/wp-content\/uploads\/2024\/11\/Icon_Clinique_2-png.avif","contentUrl":"https:\/\/cliniquepraxis.ca\/wp-content\/uploads\/2024\/11\/Icon_Clinique_2-png.avif","width":1080,"height":1080,"caption":"Clinique priv\u00e9e PRAXIS"},"image":{"@id":"https:\/\/cliniquepraxis.ca\/en\/#\/schema\/logo\/image\/"},"sameAs":["https:\/\/www.facebook.com\/praxis.clinique\/","https:\/\/www.instagram.com\/praxis_clinique\/","https:\/\/www.linkedin.com\/company\/praxis-cliniquedesantefamiliale\/"]},{"@type":"Person","@id":"https:\/\/cliniquepraxis.ca\/en\/#\/schema\/person\/94082093f0e31378eef528024e77a09e","name":"Arthur","url":"https:\/\/cliniquepraxis.ca\/en\/author\/arthur\/"}]}},"_links":{"self":[{"href":"https:\/\/cliniquepraxis.ca\/en\/wp-json\/wp\/v2\/posts\/12673","targetHints":{"allow":["GET"]}}],"collection":[{"href":"https:\/\/cliniquepraxis.ca\/en\/wp-json\/wp\/v2\/posts"}],"about":[{"href":"https:\/\/cliniquepraxis.ca\/en\/wp-json\/wp\/v2\/types\/post"}],"author":[{"embeddable":true,"href":"https:\/\/cliniquepraxis.ca\/en\/wp-json\/wp\/v2\/users\/7"}],"replies":[{"embeddable":true,"href":"https:\/\/cliniquepraxis.ca\/en\/wp-json\/wp\/v2\/comments?post=12673"}],"version-history":[{"count":0,"href":"https:\/\/cliniquepraxis.ca\/en\/wp-json\/wp\/v2\/posts\/12673\/revisions"}],"wp:featuredmedia":[{"embeddable":true,"href":"https:\/\/cliniquepraxis.ca\/en\/wp-json\/wp\/v2\/media\/9037"}],"wp:attachment":[{"href":"https:\/\/cliniquepraxis.ca\/en\/wp-json\/wp\/v2\/media?parent=12673"}],"wp:term":[{"taxonomy":"category","embeddable":true,"href":"https:\/\/cliniquepraxis.ca\/en\/wp-json\/wp\/v2\/categories?post=12673"},{"taxonomy":"post_tag","embeddable":true,"href":"https:\/\/cliniquepraxis.ca\/en\/wp-json\/wp\/v2\/tags?post=12673"}],"curies":[{"name":"wp","href":"https:\/\/api.w.org\/{rel}","templated":true}]}}